{"id":2675,"date":"2023-08-28T22:50:45","date_gmt":"2023-08-28T22:50:45","guid":{"rendered":"https:\/\/claragovela.com\/?p=2675"},"modified":"2023-09-11T22:56:27","modified_gmt":"2023-09-11T22:56:27","slug":"como-fortalecer-los-valores-humanos-desde-la-infancia","status":"publish","type":"post","link":"https:\/\/claragovela.com\/index.php\/2023\/08\/28\/como-fortalecer-los-valores-humanos-desde-la-infancia\/","title":{"rendered":"C\u00f3mo Fortalecer  los valores humanos desde la Infancia"},"content":{"rendered":"\n<p><mark style=\"background-color:rgba(0, 0, 0, 0)\" class=\"has-inline-color has-ast-global-color-1-color\"><strong>El Papel Vital de la Familia<\/strong><\/mark><\/p>\n\n\n\n<p>La educaci\u00f3n en valores es un componente esencial en el desarrollo de individuos responsables, \u00e9ticos y comprometidos con la sociedad. Si bien tanto la familia como la escuela desempe\u00f1an roles cruciales en la formaci\u00f3n de valores, surge una pregunta relevante\u00bfcu\u00e1l de estas dos instituciones tiene un impacto m\u00e1s profundo en la inculcaci\u00f3n de valores desde temprana edad? <\/p>\n\n\n\n<div class=\"wp-block-uagb-image uagb-block-83539ccf wp-block-uagb-image--layout-default wp-block-uagb-image--effect-static wp-block-uagb-image--align-none\"><figure class=\"wp-block-uagb-image__figure\"><img loading=\"lazy\" decoding=\"async\" srcset=\"https:\/\/claragovela.com\/wp-content\/uploads\/2023\/09\/foto-para-el-blog-clara-web.jpg \" sizes=\"auto, (max-width: 480px) 150px\" src=\"https:\/\/claragovela.com\/wp-content\/uploads\/2023\/09\/foto-para-el-blog-clara-web.jpg\" alt=\"\" class=\"uag-image-2678\" width=\"655\" height=\"464\" title=\"\" loading=\"lazy\"\/><\/figure><\/div>\n\n\n\n<p>Examinemos m\u00e1s a fondo por qu\u00e9 la familia emerge como el principal agente formador de valores y c\u00f3mo esta influencia se entrelaza con la educaci\u00f3n en valores.<\/p>\n\n\n\n<h3 class=\"wp-block-heading\">1. Modelo de Rol y Aprendizaje por Imitaci\u00f3n<\/h3>\n\n\n\n<p>La familia, en su calidad de entorno m\u00e1s cercano y constante, ofrece a los ni\u00f1os y j\u00f3venes modelos de roles en los que pueden basar su propia conducta y valores. Los ni\u00f1os aprenden principalmente a trav\u00e9s de la observaci\u00f3n y la imitaci\u00f3n, y en este contexto, los padres y otros miembros de la familia se convierten en los primeros ejemplos a seguir. Desde c\u00f3mo tratar a los dem\u00e1s con respeto hasta c\u00f3mo gestionar las dificultades con integridad, los valores familiares se transmiten de generaci\u00f3n en generaci\u00f3n.<\/p>\n\n\n\n<h3 class=\"wp-block-heading\">2. Conexiones Emocionales y Di\u00e1logo Abierto<\/h3>\n\n\n\n<p>La familia proporciona un espacio emocionalmente seguro donde los ni\u00f1os pueden explorar y comprender valores con mayor profundidad. Los lazos emocionales que se forjan en la familia fomentan la confianza y la apertura, permitiendo discusiones significativas sobre cuestiones \u00e9ticas y morales. Esta din\u00e1mica facilita la internalizaci\u00f3n de valores al conectarlos con experiencias y sentimientos reales.<\/p>\n\n\n\n<div class=\"wp-block-uagb-image uagb-block-24bb5766 wp-block-uagb-image--layout-default wp-block-uagb-image--effect-static wp-block-uagb-image--align-none\"><figure class=\"wp-block-uagb-image__figure\"><a class=\"\" href=\"https:\/\/api.whatsapp.com\/send?phone=5218331047682&amp;text=%C2%A1Hola!%20Me%20interesa%20saber%20sobre%20la%20consuta%20para...\" target=\"\" rel=\"noopener\"><img loading=\"lazy\" decoding=\"async\" srcset=\"https:\/\/claragovela.com\/wp-content\/uploads\/2023\/04\/fotos-para-la-imagen-destacada-web-17-1024x683.jpg \" sizes=\"auto, (max-width: 480px) 150px\" src=\"https:\/\/claragovela.com\/wp-content\/uploads\/2023\/04\/fotos-para-la-imagen-destacada-web-17-1024x683.jpg\" alt=\"\" class=\"uag-image-2392\" width=\"788\" height=\"526\" title=\"\" loading=\"lazy\"\/><\/a><\/figure><\/div>\n\n\n\n<h3 class=\"wp-block-heading\">3. Consistencia y Personalizaci\u00f3n<\/h3>\n\n\n\n<p>A diferencia de la escuela, donde los docentes cambian de un a\u00f1o a otro, la familia generalmente representa una constante en la vida del ni\u00f1o. Esta continuidad proporciona un entorno m\u00e1s estable para la formaci\u00f3n de valores, ya que los valores transmitidos por los padres y abuelos se arraigan en las tradiciones y la cultura familiar. La consistencia de la educaci\u00f3n en valores en el hogar crea una base s\u00f3lida para los valores personales que perdurar\u00e1 a lo largo del tiempo.<\/p>\n\n\n\n<div class=\"wp-block-uagb-image uagb-block-13579329 wp-block-uagb-image--layout-default wp-block-uagb-image--effect-static wp-block-uagb-image--align-none\"><figure class=\"wp-block-uagb-image__figure\"><a class=\"\" href=\"https:\/\/claragovela.com\/index.php\/producto\/libro-la-familia-y-la-escuela\/\" target=\"\" rel=\"noopener\"><img loading=\"lazy\" decoding=\"async\" srcset=\"https:\/\/claragovela.com\/wp-content\/uploads\/2023\/04\/fotos-para-la-imagen-destacada-web-16-1024x683.jpg \" sizes=\"auto, (max-width: 480px) 150px\" src=\"https:\/\/claragovela.com\/wp-content\/uploads\/2023\/04\/fotos-para-la-imagen-destacada-web-16-1024x683.jpg\" alt=\"\" class=\"uag-image-2391\" width=\"714\" height=\"476\" title=\"\" loading=\"lazy\"\/><\/a><\/figure><\/div>\n\n\n\n<h3 class=\"wp-block-heading\">4. Aprendizaje en la Vida Cotidiana<\/h3>\n\n\n\n<p>Gran parte del aprendizaje relacionado con valores ocurre en el contexto de situaciones cotidianas. La familia ofrece una serie de oportunidades para ense\u00f1ar valores en acciones simples pero significativas, como el compartir con los hermanos, la cortes\u00eda hacia los vecinos o el trato amable hacia los ancianos. Estas interacciones cotidianas permiten a los ni\u00f1os comprender c\u00f3mo los valores se aplican en la pr\u00e1ctica.<\/p>\n\n\n\n<h3 class=\"wp-block-heading\">5. Formaci\u00f3n de Identidad y Creaci\u00f3n de Valores Personales<\/h3>\n\n\n\n<p>La familia es un espacio donde los ni\u00f1os comienzan a <a href=\"https:\/\/claragovela.com\/index.php\/2023\/06\/13\/10-estrategias-efectivas-para-combatir-la-ansiedad-en-ninos-guia-para-padres-y-cuidadores\/\">formar su identidad y construir su sistema de valores<\/a>. A menudo, los valores transmitidos por la familia est\u00e1n enraizados en las creencias culturales y religiosas, lo que contribuye a la formaci\u00f3n de una base s\u00f3lida para los valores personales. A medida que los ni\u00f1os maduran, tienen la oportunidad de reflexionar sobre estos valores y desarrollar su propia comprensi\u00f3n y perspectiva \u00e9tica.<\/p>\n\n\n\n<p>En conclusi\u00f3n, aunque la escuela tambi\u00e9n juega un papel vital en la educaci\u00f3n en valores, la familia ejerce una influencia m\u00e1s \u00edntima, personalizada y constante en la formaci\u00f3n de valores desde temprana edad. Los lazos emocionales, el aprendizaje cotidiano, los modelos de roles y la conexi\u00f3n con la identidad son factores que hacen que la familia sea una fuerza poderosa en el moldeado de los valores humanos. Sin embargo, es importante destacar que la colaboraci\u00f3n entre la familia y la escuela es esencial para proporcionar una educaci\u00f3n en valores integral y equilibrada que prepare a los j\u00f3venes para ser ciudadanos \u00e9ticos y comprometidos en un mundo diverso y en constante cambio.<\/p>\n\n\n\n<div class=\"wp-block-uagb-image uagb-block-2a19fd7e wp-block-uagb-image--layout-default wp-block-uagb-image--effect-static wp-block-uagb-image--align-none\"><figure class=\"wp-block-uagb-image__figure\"><img loading=\"lazy\" decoding=\"async\" srcset=\"https:\/\/claragovela.com\/wp-content\/uploads\/2023\/07\/banner-web-clara-govela-1024x256.jpg \" sizes=\"auto, (max-width: 480px) 150px\" src=\"https:\/\/claragovela.com\/wp-content\/uploads\/2023\/07\/banner-web-clara-govela-1024x256.jpg\" alt=\"\" class=\"uag-image-2585\" width=\"586\" height=\"147\" title=\"\" loading=\"lazy\"\/><\/figure><\/div>\n","protected":false},"excerpt":{"rendered":"<p>El Papel Vital de la Familia La educaci\u00f3n en valores es un componente esencial en el desarrollo de individuos responsables, \u00e9ticos y comprometidos con la sociedad. Si bien tanto la familia como la escuela desempe\u00f1an roles cruciales en la formaci\u00f3n de valores, surge una pregunta relevante\u00bfcu\u00e1l de estas dos instituciones tiene un impacto m\u00e1s profundo [&hellip;]<\/p>\n","protected":false},"author":1,"featured_media":2677,"comment_status":"open","ping_status":"open","sticky":false,"template":"","format":"standard","meta":{"rop_custom_images_group":[],"rop_custom_messages_group":[],"rop_publish_now":"initial","rop_publish_now_accounts":{"facebook_10161410025688287_568321580351741":""},"rop_publish_now_history":[],"rop_publish_now_status":"pending","_uag_custom_page_level_css":"","site-sidebar-layout":"default","site-content-layout":"","ast-site-content-layout":"default","site-content-style":"default","site-sidebar-style":"default","ast-global-header-display":"","ast-banner-title-visibility":"","ast-main-header-display":"","ast-hfb-above-header-display":"","ast-hfb-below-header-display":"","ast-hfb-mobile-header-display":"","site-post-title":"","ast-breadcrumbs-content":"","ast-featured-img":"disabled","footer-sml-layout":"","theme-transparent-header-meta":"","adv-header-id-meta":"","stick-header-meta":"","header-above-stick-meta":"","header-main-stick-meta":"","header-below-stick-meta":"","astra-migrate-meta-layouts":"set","ast-page-background-enabled":"default","ast-page-background-meta":{"desktop":{"background-color":"","background-image":"","background-repeat":"repeat","background-position":"center center","background-size":"auto","background-attachment":"scroll","background-type":"","background-media":"","overlay-type":"","overlay-color":"","overlay-opacity":"","overlay-gradient":""},"tablet":{"background-color":"","background-image":"","background-repeat":"repeat","background-position":"center center","background-size":"auto","background-attachment":"scroll","background-type":"","background-media":"","overlay-type":"","overlay-color":"","overlay-opacity":"","overlay-gradient":""},"mobile":{"background-color":"","background-image":"","background-repeat":"repeat","background-position":"center center","background-size":"auto","background-attachment":"scroll","background-type":"","background-media":"","overlay-type":"","overlay-color":"","overlay-opacity":"","overlay-gradient":""}},"ast-content-background-meta":{"desktop":{"background-color":"var(--ast-global-color-5)","background-image":"","background-repeat":"repeat","background-position":"center center","background-size":"auto","background-attachment":"scroll","background-type":"","background-media":"","overlay-type":"","overlay-color":"","overlay-opacity":"","overlay-gradient":""},"tablet":{"background-color":"var(--ast-global-color-5)","background-image":"","background-repeat":"repeat","background-position":"center center","background-size":"auto","background-attachment":"scroll","background-type":"","background-media":"","overlay-type":"","overlay-color":"","overlay-opacity":"","overlay-gradient":""},"mobile":{"background-color":"var(--ast-global-color-5)","background-image":"","background-repeat":"repeat","background-position":"center center","background-size":"auto","background-attachment":"scroll","background-type":"","background-media":"","overlay-type":"","overlay-color":"","overlay-opacity":"","overlay-gradient":""}},"jetpack_post_was_ever_published":false,"_jetpack_newsletter_access":"","_jetpack_dont_email_post_to_subs":false,"_jetpack_newsletter_tier_id":0,"_jetpack_memberships_contains_paywalled_content":false,"_jetpack_memberships_contains_paid_content":false,"_joinchat":[],"footnotes":""},"categories":[55,34],"tags":[51,53,50,43,37],"class_list":["post-2675","post","type-post","status-publish","format-standard","has-post-thumbnail","hentry","category-terapia-familiar","category-tratar-la-ansiedad-depresion-conflictos","tag-terapia-psicologica-centro-clara-govela","tag-terapia-psicologica-familira","tag-terapia-psicologica-mexico","tag-terapia-psicologica-para-adolescentes","tag-terapia-spicologica-en-tampico"],"yoast_head":"<!-- This site is optimized with the Yoast SEO plugin v26.1.1 - https:\/\/yoast.com\/wordpress\/plugins\/seo\/ -->\n<title>C\u00f3mo Fortalecer los valores humanos desde la Infancia -<\/title>\n<meta name=\"robots\" content=\"index, follow, max-snippet:-1, max-image-preview:large, max-video-preview:-1\" \/>\n<link rel=\"canonical\" href=\"https:\/\/claragovela.com\/index.php\/2023\/08\/28\/como-fortalecer-los-valores-humanos-desde-la-infancia\/\" \/>\n<meta property=\"og:locale\" content=\"es_ES\" \/>\n<meta property=\"og:type\" content=\"article\" \/>\n<meta property=\"og:title\" content=\"C\u00f3mo Fortalecer los valores humanos desde la Infancia -\" \/>\n<meta property=\"og:description\" content=\"El Papel Vital de la Familia La educaci\u00f3n en valores es un componente esencial en el desarrollo de individuos responsables, \u00e9ticos y comprometidos con la sociedad. Si bien tanto la familia como la escuela desempe\u00f1an roles cruciales en la formaci\u00f3n de valores, surge una pregunta relevante\u00bfcu\u00e1l de estas dos instituciones tiene un impacto m\u00e1s profundo [&hellip;]\" \/>\n<meta property=\"og:url\" content=\"https:\/\/claragovela.com\/index.php\/2023\/08\/28\/como-fortalecer-los-valores-humanos-desde-la-infancia\/\" \/>\n<meta property=\"article:published_time\" content=\"2023-08-28T22:50:45+00:00\" \/>\n<meta property=\"article:modified_time\" content=\"2023-09-11T22:56:27+00:00\" \/>\n<meta property=\"og:image\" content=\"https:\/\/claragovela.com\/wp-content\/uploads\/2023\/09\/valores-desde-la-infancia.jpg\" \/>\n\t<meta property=\"og:image:width\" content=\"400\" \/>\n\t<meta property=\"og:image:height\" content=\"300\" \/>\n\t<meta property=\"og:image:type\" content=\"image\/jpeg\" \/>\n<meta name=\"author\" content=\"admin\" \/>\n<meta name=\"twitter:card\" content=\"summary_large_image\" \/>\n<meta name=\"twitter:label1\" content=\"Escrito por\" \/>\n\t<meta name=\"twitter:data1\" content=\"admin\" \/>\n\t<meta name=\"twitter:label2\" content=\"Tiempo de lectura\" \/>\n\t<meta name=\"twitter:data2\" content=\"3 minutos\" \/>\n<script type=\"application\/ld+json\" class=\"yoast-schema-graph\">{\"@context\":\"https:\/\/schema.org\",\"@graph\":[{\"@type\":\"WebPage\",\"@id\":\"https:\/\/claragovela.com\/index.php\/2023\/08\/28\/como-fortalecer-los-valores-humanos-desde-la-infancia\/\",\"url\":\"https:\/\/claragovela.com\/index.php\/2023\/08\/28\/como-fortalecer-los-valores-humanos-desde-la-infancia\/\",\"name\":\"C\u00f3mo Fortalecer los valores humanos desde la Infancia -\",\"isPartOf\":{\"@id\":\"https:\/\/claragovela.com\/#website\"},\"primaryImageOfPage\":{\"@id\":\"https:\/\/claragovela.com\/index.php\/2023\/08\/28\/como-fortalecer-los-valores-humanos-desde-la-infancia\/#primaryimage\"},\"image\":{\"@id\":\"https:\/\/claragovela.com\/index.php\/2023\/08\/28\/como-fortalecer-los-valores-humanos-desde-la-infancia\/#primaryimage\"},\"thumbnailUrl\":\"https:\/\/claragovela.com\/wp-content\/uploads\/2023\/09\/valores-desde-la-infancia.jpg\",\"datePublished\":\"2023-08-28T22:50:45+00:00\",\"dateModified\":\"2023-09-11T22:56:27+00:00\",\"author\":{\"@id\":\"https:\/\/claragovela.com\/#\/schema\/person\/813e0ae96fda140caaee98a03fe49673\"},\"breadcrumb\":{\"@id\":\"https:\/\/claragovela.com\/index.php\/2023\/08\/28\/como-fortalecer-los-valores-humanos-desde-la-infancia\/#breadcrumb\"},\"inLanguage\":\"es\",\"potentialAction\":[{\"@type\":\"ReadAction\",\"target\":[\"https:\/\/claragovela.com\/index.php\/2023\/08\/28\/como-fortalecer-los-valores-humanos-desde-la-infancia\/\"]}]},{\"@type\":\"ImageObject\",\"inLanguage\":\"es\",\"@id\":\"https:\/\/claragovela.com\/index.php\/2023\/08\/28\/como-fortalecer-los-valores-humanos-desde-la-infancia\/#primaryimage\",\"url\":\"https:\/\/claragovela.com\/wp-content\/uploads\/2023\/09\/valores-desde-la-infancia.jpg\",\"contentUrl\":\"https:\/\/claragovela.com\/wp-content\/uploads\/2023\/09\/valores-desde-la-infancia.jpg\",\"width\":400,\"height\":300},{\"@type\":\"BreadcrumbList\",\"@id\":\"https:\/\/claragovela.com\/index.php\/2023\/08\/28\/como-fortalecer-los-valores-humanos-desde-la-infancia\/#breadcrumb\",\"itemListElement\":[{\"@type\":\"ListItem\",\"position\":1,\"name\":\"Portada\",\"item\":\"https:\/\/claragovela.com\/\"},{\"@type\":\"ListItem\",\"position\":2,\"name\":\"C\u00f3mo Fortalecer los valores humanos desde la Infancia\"}]},{\"@type\":\"WebSite\",\"@id\":\"https:\/\/claragovela.com\/#website\",\"url\":\"https:\/\/claragovela.com\/\",\"name\":\"\",\"description\":\"\",\"potentialAction\":[{\"@type\":\"SearchAction\",\"target\":{\"@type\":\"EntryPoint\",\"urlTemplate\":\"https:\/\/claragovela.com\/?s={search_term_string}\"},\"query-input\":{\"@type\":\"PropertyValueSpecification\",\"valueRequired\":true,\"valueName\":\"search_term_string\"}}],\"inLanguage\":\"es\"},{\"@type\":\"Person\",\"@id\":\"https:\/\/claragovela.com\/#\/schema\/person\/813e0ae96fda140caaee98a03fe49673\",\"name\":\"admin\",\"image\":{\"@type\":\"ImageObject\",\"inLanguage\":\"es\",\"@id\":\"https:\/\/claragovela.com\/#\/schema\/person\/image\/\",\"url\":\"https:\/\/secure.gravatar.com\/avatar\/b5030be99ccf121a3724df36727ba4d94bdf16a3a0a460042bb159ff8a5ec12c?s=96&d=mm&r=g\",\"contentUrl\":\"https:\/\/secure.gravatar.com\/avatar\/b5030be99ccf121a3724df36727ba4d94bdf16a3a0a460042bb159ff8a5ec12c?s=96&d=mm&r=g\",\"caption\":\"admin\"},\"sameAs\":[\"http:\/\/claragovela.com\"],\"url\":\"https:\/\/claragovela.com\/index.php\/author\/admin\/\"}]}<\/script>\n<!-- \/ Yoast SEO plugin. -->","yoast_head_json":{"title":"C\u00f3mo Fortalecer los valores humanos desde la Infancia -","robots":{"index":"index","follow":"follow","max-snippet":"max-snippet:-1","max-image-preview":"max-image-preview:large","max-video-preview":"max-video-preview:-1"},"canonical":"https:\/\/claragovela.com\/index.php\/2023\/08\/28\/como-fortalecer-los-valores-humanos-desde-la-infancia\/","og_locale":"es_ES","og_type":"article","og_title":"C\u00f3mo Fortalecer los valores humanos desde la Infancia -","og_description":"El Papel Vital de la Familia La educaci\u00f3n en valores es un componente esencial en el desarrollo de individuos responsables, \u00e9ticos y comprometidos con la sociedad. Si bien tanto la familia como la escuela desempe\u00f1an roles cruciales en la formaci\u00f3n de valores, surge una pregunta relevante\u00bfcu\u00e1l de estas dos instituciones tiene un impacto m\u00e1s profundo [&hellip;]","og_url":"https:\/\/claragovela.com\/index.php\/2023\/08\/28\/como-fortalecer-los-valores-humanos-desde-la-infancia\/","article_published_time":"2023-08-28T22:50:45+00:00","article_modified_time":"2023-09-11T22:56:27+00:00","og_image":[{"width":400,"height":300,"url":"https:\/\/claragovela.com\/wp-content\/uploads\/2023\/09\/valores-desde-la-infancia.jpg","type":"image\/jpeg"}],"author":"admin","twitter_card":"summary_large_image","twitter_misc":{"Escrito por":"admin","Tiempo de lectura":"3 minutos"},"schema":{"@context":"https:\/\/schema.org","@graph":[{"@type":"WebPage","@id":"https:\/\/claragovela.com\/index.php\/2023\/08\/28\/como-fortalecer-los-valores-humanos-desde-la-infancia\/","url":"https:\/\/claragovela.com\/index.php\/2023\/08\/28\/como-fortalecer-los-valores-humanos-desde-la-infancia\/","name":"C\u00f3mo Fortalecer los valores humanos desde la Infancia -","isPartOf":{"@id":"https:\/\/claragovela.com\/#website"},"primaryImageOfPage":{"@id":"https:\/\/claragovela.com\/index.php\/2023\/08\/28\/como-fortalecer-los-valores-humanos-desde-la-infancia\/#primaryimage"},"image":{"@id":"https:\/\/claragovela.com\/index.php\/2023\/08\/28\/como-fortalecer-los-valores-humanos-desde-la-infancia\/#primaryimage"},"thumbnailUrl":"https:\/\/claragovela.com\/wp-content\/uploads\/2023\/09\/valores-desde-la-infancia.jpg","datePublished":"2023-08-28T22:50:45+00:00","dateModified":"2023-09-11T22:56:27+00:00","author":{"@id":"https:\/\/claragovela.com\/#\/schema\/person\/813e0ae96fda140caaee98a03fe49673"},"breadcrumb":{"@id":"https:\/\/claragovela.com\/index.php\/2023\/08\/28\/como-fortalecer-los-valores-humanos-desde-la-infancia\/#breadcrumb"},"inLanguage":"es","potentialAction":[{"@type":"ReadAction","target":["https:\/\/claragovela.com\/index.php\/2023\/08\/28\/como-fortalecer-los-valores-humanos-desde-la-infancia\/"]}]},{"@type":"ImageObject","inLanguage":"es","@id":"https:\/\/claragovela.com\/index.php\/2023\/08\/28\/como-fortalecer-los-valores-humanos-desde-la-infancia\/#primaryimage","url":"https:\/\/claragovela.com\/wp-content\/uploads\/2023\/09\/valores-desde-la-infancia.jpg","contentUrl":"https:\/\/claragovela.com\/wp-content\/uploads\/2023\/09\/valores-desde-la-infancia.jpg","width":400,"height":300},{"@type":"BreadcrumbList","@id":"https:\/\/claragovela.com\/index.php\/2023\/08\/28\/como-fortalecer-los-valores-humanos-desde-la-infancia\/#breadcrumb","itemListElement":[{"@type":"ListItem","position":1,"name":"Portada","item":"https:\/\/claragovela.com\/"},{"@type":"ListItem","position":2,"name":"C\u00f3mo Fortalecer los valores humanos desde la Infancia"}]},{"@type":"WebSite","@id":"https:\/\/claragovela.com\/#website","url":"https:\/\/claragovela.com\/","name":"","description":"","potentialAction":[{"@type":"SearchAction","target":{"@type":"EntryPoint","urlTemplate":"https:\/\/claragovela.com\/?s={search_term_string}"},"query-input":{"@type":"PropertyValueSpecification","valueRequired":true,"valueName":"search_term_string"}}],"inLanguage":"es"},{"@type":"Person","@id":"https:\/\/claragovela.com\/#\/schema\/person\/813e0ae96fda140caaee98a03fe49673","name":"admin","image":{"@type":"ImageObject","inLanguage":"es","@id":"https:\/\/claragovela.com\/#\/schema\/person\/image\/","url":"https:\/\/secure.gravatar.com\/avatar\/b5030be99ccf121a3724df36727ba4d94bdf16a3a0a460042bb159ff8a5ec12c?s=96&d=mm&r=g","contentUrl":"https:\/\/secure.gravatar.com\/avatar\/b5030be99ccf121a3724df36727ba4d94bdf16a3a0a460042bb159ff8a5ec12c?s=96&d=mm&r=g","caption":"admin"},"sameAs":["http:\/\/claragovela.com"],"url":"https:\/\/claragovela.com\/index.php\/author\/admin\/"}]}},"jetpack_featured_media_url":"https:\/\/claragovela.com\/wp-content\/uploads\/2023\/09\/valores-desde-la-infancia.jpg","uagb_featured_image_src":{"full":["https:\/\/claragovela.com\/wp-content\/uploads\/2023\/09\/valores-desde-la-infancia.jpg",400,300,false],"thumbnail":["https:\/\/claragovela.com\/wp-content\/uploads\/2023\/09\/valores-desde-la-infancia-150x150.jpg",150,150,true],"medium":["https:\/\/claragovela.com\/wp-content\/uploads\/2023\/09\/valores-desde-la-infancia-300x225.jpg",300,225,true],"medium_large":["https:\/\/claragovela.com\/wp-content\/uploads\/2023\/09\/valores-desde-la-infancia.jpg",400,300,false],"large":["https:\/\/claragovela.com\/wp-content\/uploads\/2023\/09\/valores-desde-la-infancia.jpg",400,300,false],"1536x1536":["https:\/\/claragovela.com\/wp-content\/uploads\/2023\/09\/valores-desde-la-infancia.jpg",400,300,false],"2048x2048":["https:\/\/claragovela.com\/wp-content\/uploads\/2023\/09\/valores-desde-la-infancia.jpg",400,300,false]},"uagb_author_info":{"display_name":"admin","author_link":"https:\/\/claragovela.com\/index.php\/author\/admin\/"},"uagb_comment_info":0,"uagb_excerpt":"El Papel Vital de la Familia La educaci\u00f3n en valores es un componente esencial en el desarrollo de individuos responsables, \u00e9ticos y comprometidos con la sociedad. Si bien tanto la familia como la escuela desempe\u00f1an roles cruciales en la formaci\u00f3n de valores, surge una pregunta relevante\u00bfcu\u00e1l de estas dos instituciones tiene un impacto m\u00e1s profundo&hellip;","jetpack_sharing_enabled":true,"_links":{"self":[{"href":"https:\/\/claragovela.com\/index.php\/wp-json\/wp\/v2\/posts\/2675","targetHints":{"allow":["GET"]}}],"collection":[{"href":"https:\/\/claragovela.com\/index.php\/wp-json\/wp\/v2\/posts"}],"about":[{"href":"https:\/\/claragovela.com\/index.php\/wp-json\/wp\/v2\/types\/post"}],"author":[{"embeddable":true,"href":"https:\/\/claragovela.com\/index.php\/wp-json\/wp\/v2\/users\/1"}],"replies":[{"embeddable":true,"href":"https:\/\/claragovela.com\/index.php\/wp-json\/wp\/v2\/comments?post=2675"}],"version-history":[{"count":2,"href":"https:\/\/claragovela.com\/index.php\/wp-json\/wp\/v2\/posts\/2675\/revisions"}],"predecessor-version":[{"id":2679,"href":"https:\/\/claragovela.com\/index.php\/wp-json\/wp\/v2\/posts\/2675\/revisions\/2679"}],"wp:featuredmedia":[{"embeddable":true,"href":"https:\/\/claragovela.com\/index.php\/wp-json\/wp\/v2\/media\/2677"}],"wp:attachment":[{"href":"https:\/\/claragovela.com\/index.php\/wp-json\/wp\/v2\/media?parent=2675"}],"wp:term":[{"taxonomy":"category","embeddable":true,"href":"https:\/\/claragovela.com\/index.php\/wp-json\/wp\/v2\/categories?post=2675"},{"taxonomy":"post_tag","embeddable":true,"href":"https:\/\/claragovela.com\/index.php\/wp-json\/wp\/v2\/tags?post=2675"}],"curies":[{"name":"wp","href":"https:\/\/api.w.org\/{rel}","templated":true}]}}