{"id":2601,"date":"2023-08-02T09:46:00","date_gmt":"2023-08-02T09:46:00","guid":{"rendered":"https:\/\/claragovela.com\/?p=2601"},"modified":"2023-07-19T21:11:28","modified_gmt":"2023-07-19T21:11:28","slug":"estrategias-para-desarrollar-resiliencia-y-vivir-post-covid","status":"publish","type":"post","link":"https:\/\/claragovela.com\/index.php\/2023\/08\/02\/estrategias-para-desarrollar-resiliencia-y-vivir-post-covid\/","title":{"rendered":"Estrategias para Desarrollar Resiliencia y Vivir post  COVID"},"content":{"rendered":"\n<p>El COVID-19 ha impactado nuestras vidas de maneras inesperadas, y ha requerido que nos adaptemos y seamos resilientes frente a los desaf\u00edos constantes que presenta. <\/p>\n\n\n\n<div class=\"wp-block-uagb-image uagb-block-ba11e101 wp-block-uagb-image--layout-default wp-block-uagb-image--effect-static wp-block-uagb-image--align-none\"><figure class=\"wp-block-uagb-image__figure\"><img loading=\"lazy\" decoding=\"async\" srcset=\"https:\/\/claragovela.com\/wp-content\/uploads\/2023\/07\/17.jpg \" sizes=\"auto, (max-width: 480px) 150px\" src=\"https:\/\/claragovela.com\/wp-content\/uploads\/2023\/07\/17.jpg\" alt=\"\" class=\"uag-image-2628\" width=\"796\" height=\"562\" title=\"\" loading=\"lazy\"\/><\/figure><\/div>\n\n\n\n<p><strong>La resiliencia es la capacidad de recuperarse y adaptarse ante situaciones dif\u00edciles,<\/strong> y en este blog, exploraremos estrategias para desarrollar resiliencia y vivir con el COVID-19 presente en nuestras vidas.<\/p>\n\n\n\n<p><\/p>\n\n\n\n<h3 class=\"wp-block-heading\">Mant\u00e9n una Mentalidad Positiva<\/h3>\n\n\n\n<p>Una mentalidad positiva es fundamental para afrontar cualquier desaf\u00edo. En lugar de enfocarte en las dificultades y las cosas que no puedes hacer debido al COVID-19, trata de centrarte en las oportunidades que esta situaci\u00f3n puede brindarte. Por ejemplo, puedes aprovechar el tiempo extra en casa para aprender nuevas habilidades, pasar m\u00e1s tiempo en actividades que disfrutes o fortalecer tus relaciones familiares.<\/p>\n\n\n\n<p><\/p>\n\n\n\n<h3 class=\"wp-block-heading\">Establece Rutinas y Metas Realistas<\/h3>\n\n\n\n<p> El establecimiento de rutinas y metas realistas puede proporcionarte un sentido de estructura y prop\u00f3sito, lo cual es especialmente importante durante tiempos de incertidumbre. Planifica tus d\u00edas y establece metas alcanzables que puedas cumplir, tanto a corto como a largo plazo. Esto te ayudar\u00e1 a mantener la motivaci\u00f3n y la sensaci\u00f3n de logro, incluso cuando te enfrentes a obst\u00e1culos relacionados con el COVID-19.<\/p>\n\n\n\n<p><\/p>\n\n\n\n<h3 class=\"wp-block-heading\">Cuida tu Bienestar F\u00edsico y Emocional<\/h3>\n\n\n\n<p>El cuidado de tu bienestar f\u00edsico y emocional es esencial para construir resiliencia. Aseg\u00farate de mantener una alimentaci\u00f3n saludable, hacer ejercicio regularmente y dormir lo suficiente. Adem\u00e1s, es importante cuidar tu salud mental. Practica t\u00e9cnicas de relajaci\u00f3n, como la meditaci\u00f3n o la respiraci\u00f3n profunda, y busca actividades que te ayuden a reducir el estr\u00e9s y promover la tranquilidad.<\/p>\n\n\n\n<p><\/p>\n\n\n\n<figure class=\"wp-block-image size-full is-resized\"><a href=\"https:\/\/claragovela.com\/index.php\/producto\/taller-on-line-desarrolla-tu-resiliencia\/\"><img fetchpriority=\"high\" decoding=\"async\" src=\"https:\/\/claragovela.com\/wp-content\/uploads\/2023\/07\/taller-on-line-resiliencia.jpg\" alt=\"\" class=\"wp-image-2646\" width=\"663\" height=\"663\" srcset=\"https:\/\/claragovela.com\/wp-content\/uploads\/2023\/07\/taller-on-line-resiliencia.jpg 800w, https:\/\/claragovela.com\/wp-content\/uploads\/2023\/07\/taller-on-line-resiliencia-300x300.jpg 300w, https:\/\/claragovela.com\/wp-content\/uploads\/2023\/07\/taller-on-line-resiliencia-150x150.jpg 150w, https:\/\/claragovela.com\/wp-content\/uploads\/2023\/07\/taller-on-line-resiliencia-768x768.jpg 768w, https:\/\/claragovela.com\/wp-content\/uploads\/2023\/07\/taller-on-line-resiliencia-600x600.jpg 600w, https:\/\/claragovela.com\/wp-content\/uploads\/2023\/07\/taller-on-line-resiliencia-100x100.jpg 100w\" sizes=\"(max-width: 663px) 100vw, 663px\" \/><\/a><\/figure>\n\n\n\n<h3 class=\"wp-block-heading\">Mant\u00e9n Conexiones Sociales<\/h3>\n\n\n\n<p> Aunque el distanciamiento social es necesario para prevenir la propagaci\u00f3n del COVID-19, eso no significa que debas aislarte por completo. Mant\u00e9n conexiones sociales con tus seres queridos a trav\u00e9s de llamadas telef\u00f3nicas, videoconferencias u otras plataformas en l\u00ednea. Comparte tus preocupaciones y sentimientos con otros y encuentra formas de brindar apoyo a las personas que te rodean. La conexi\u00f3n social puede proporcionarte un sentido de pertenencia y ayudarte a superar momentos dif\u00edciles.<\/p>\n\n\n\n<p><\/p>\n\n\n\n<h3 class=\"wp-block-heading\">Busca Informaci\u00f3n Confiable<\/h3>\n\n\n\n<p> En tiempos de crisis, la informaci\u00f3n precisa y confiable es crucial. Aseg\u00farate de obtener informaci\u00f3n sobre el COVID-19 de fuentes confiables, como la Organizaci\u00f3n Mundial de la Salud (OMS) o los organismos de salud de tu pa\u00eds. Evita la sobreexposici\u00f3n a las noticias y mant\u00e9n un equilibrio saludable entre mantenerte informado y no saturarte de informaci\u00f3n que pueda generar ansiedad.<\/p>\n\n\n\n<p><\/p>\n\n\n\n<h3 class=\"wp-block-heading\">Adapta tus Planes y Expectativas<\/h3>\n\n\n\n<p>Es posible que muchos de tus planes y expectativas hayan cambiado debido al COVID-19. Aprende a adaptarte a las nuevas circunstancias y ajusta tus planes y expectativas seg\u00fan sea necesario. Esto te ayudar\u00e1 a evitar la frustraci\u00f3n y a encontrar soluciones creativas para enfrentar los desaf\u00edos que puedan surgir.<\/p>\n\n\n\n<p><\/p>\n\n\n\n<h3 class=\"wp-block-heading\">Practica la Gratitud y la Resiliencia Emocional <\/h3>\n\n\n\n<p>Cultivar la gratitud y la resiliencia emocional puede fortalecer tu capacidad de afrontar los desaf\u00edos del COVID-19. Toma un momento cada d\u00eda para reflexionar sobre las cosas por las que est\u00e1s agradecido, incluso en medio de la adversidad. Adem\u00e1s, practica la resiliencia emocional al reconocer y aceptar tus emociones, permiti\u00e9ndote sentir y procesar lo que est\u00e1s experimentando sin juzgarte a ti mismo.<\/p>\n\n\n\n<p>El COVID-19 ha cambiado nuestras vidas de manera significativa, pero podemos desarrollar la resiliencia necesaria para adaptarnos y seguir adelante. Al mantener una mentalidad positiva, establecer rutinas, cuidar nuestro bienestar, mantener conexiones sociales, buscar informaci\u00f3n confiable, adaptar nuestros planes y expectativas, y practicar la gratitud y la resiliencia emocional, podemos vivir de manera m\u00e1s resiliente con el COVID-19 presente en nuestras vidas. Recuerda que eres capaz de enfrentar estos desaf\u00edos y salir m\u00e1s fuerte del otro lado. \u00a1\u00c1nimo!<\/p>\n\n\n\n<figure class=\"wp-block-image size-full is-resized\"><img decoding=\"async\" src=\"https:\/\/claragovela.com\/wp-content\/uploads\/2023\/07\/500370fotos-para-la-imagen-destacada-web-500-\u00d7-370-px.jpg\" alt=\"\" class=\"wp-image-2614\" width=\"426\" height=\"315\" srcset=\"https:\/\/claragovela.com\/wp-content\/uploads\/2023\/07\/500370fotos-para-la-imagen-destacada-web-500-\u00d7-370-px.jpg 500w, https:\/\/claragovela.com\/wp-content\/uploads\/2023\/07\/500370fotos-para-la-imagen-destacada-web-500-\u00d7-370-px-300x222.jpg 300w\" sizes=\"(max-width: 426px) 100vw, 426px\" \/><\/figure>\n","protected":false},"excerpt":{"rendered":"<p>El COVID-19 ha impactado nuestras vidas de maneras inesperadas, y ha requerido que nos adaptemos y seamos resilientes frente a los desaf\u00edos constantes que presenta. La resiliencia es la capacidad de recuperarse y adaptarse ante situaciones dif\u00edciles, y en este blog, exploraremos estrategias para desarrollar resiliencia y vivir con el COVID-19 presente en nuestras vidas. [&hellip;]<\/p>\n","protected":false},"author":1,"featured_media":2629,"comment_status":"open","ping_status":"open","sticky":false,"template":"","format":"standard","meta":{"rop_custom_images_group":[],"rop_custom_messages_group":[],"rop_publish_now":"initial","rop_publish_now_accounts":{"facebook_10161410025688287_568321580351741":""},"rop_publish_now_history":[],"rop_publish_now_status":"pending","_uag_custom_page_level_css":"","site-sidebar-layout":"default","site-content-layout":"","ast-site-content-layout":"default","site-content-style":"default","site-sidebar-style":"default","ast-global-header-display":"","ast-banner-title-visibility":"","ast-main-header-display":"","ast-hfb-above-header-display":"","ast-hfb-below-header-display":"","ast-hfb-mobile-header-display":"","site-post-title":"","ast-breadcrumbs-content":"","ast-featured-img":"disabled","footer-sml-layout":"","theme-transparent-header-meta":"","adv-header-id-meta":"","stick-header-meta":"","header-above-stick-meta":"","header-main-stick-meta":"","header-below-stick-meta":"","astra-migrate-meta-layouts":"default","ast-page-background-enabled":"default","ast-page-background-meta":{"desktop":{"background-color":"","background-image":"","background-repeat":"repeat","background-position":"center center","background-size":"auto","background-attachment":"scroll","background-type":"","background-media":"","overlay-type":"","overlay-color":"","overlay-opacity":"","overlay-gradient":""},"tablet":{"background-color":"","background-image":"","background-repeat":"repeat","background-position":"center center","background-size":"auto","background-attachment":"scroll","background-type":"","background-media":"","overlay-type":"","overlay-color":"","overlay-opacity":"","overlay-gradient":""},"mobile":{"background-color":"","background-image":"","background-repeat":"repeat","background-position":"center center","background-size":"auto","background-attachment":"scroll","background-type":"","background-media":"","overlay-type":"","overlay-color":"","overlay-opacity":"","overlay-gradient":""}},"ast-content-background-meta":{"desktop":{"background-color":"var(--ast-global-color-5)","background-image":"","background-repeat":"repeat","background-position":"center center","background-size":"auto","background-attachment":"scroll","background-type":"","background-media":"","overlay-type":"","overlay-color":"","overlay-opacity":"","overlay-gradient":""},"tablet":{"background-color":"var(--ast-global-color-5)","background-image":"","background-repeat":"repeat","background-position":"center center","background-size":"auto","background-attachment":"scroll","background-type":"","background-media":"","overlay-type":"","overlay-color":"","overlay-opacity":"","overlay-gradient":""},"mobile":{"background-color":"var(--ast-global-color-5)","background-image":"","background-repeat":"repeat","background-position":"center center","background-size":"auto","background-attachment":"scroll","background-type":"","background-media":"","overlay-type":"","overlay-color":"","overlay-opacity":"","overlay-gradient":""}},"jetpack_post_was_ever_published":false,"_jetpack_newsletter_access":"","_jetpack_dont_email_post_to_subs":false,"_jetpack_newsletter_tier_id":0,"_jetpack_memberships_contains_paywalled_content":false,"_jetpack_memberships_contains_paid_content":false,"_joinchat":[],"footnotes":""},"categories":[32,33,31,87],"tags":[51,53,50,39,37],"class_list":["post-2601","post","type-post","status-publish","format-standard","has-post-thumbnail","hentry","category-centro-clara-govela","category-psicologia-on-line","category-terapa-psicologica","category-terapeutas-holisticos","tag-terapia-psicologica-centro-clara-govela","tag-terapia-psicologica-familira","tag-terapia-psicologica-mexico","tag-terapia-psicologica-para-mujeres","tag-terapia-spicologica-en-tampico"],"yoast_head":"<!-- This site is optimized with the Yoast SEO plugin v26.1.1 - https:\/\/yoast.com\/wordpress\/plugins\/seo\/ -->\n<title>Estrategias para Desarrollar Resiliencia y Vivir post COVID -<\/title>\n<meta name=\"robots\" content=\"index, follow, max-snippet:-1, max-image-preview:large, max-video-preview:-1\" \/>\n<link rel=\"canonical\" href=\"https:\/\/claragovela.com\/index.php\/2023\/08\/02\/estrategias-para-desarrollar-resiliencia-y-vivir-post-covid\/\" \/>\n<meta property=\"og:locale\" content=\"es_ES\" \/>\n<meta property=\"og:type\" content=\"article\" \/>\n<meta property=\"og:title\" content=\"Estrategias para Desarrollar Resiliencia y Vivir post COVID -\" \/>\n<meta property=\"og:description\" content=\"El COVID-19 ha impactado nuestras vidas de maneras inesperadas, y ha requerido que nos adaptemos y seamos resilientes frente a los desaf\u00edos constantes que presenta. La resiliencia es la capacidad de recuperarse y adaptarse ante situaciones dif\u00edciles, y en este blog, exploraremos estrategias para desarrollar resiliencia y vivir con el COVID-19 presente en nuestras vidas. [&hellip;]\" \/>\n<meta property=\"og:url\" content=\"https:\/\/claragovela.com\/index.php\/2023\/08\/02\/estrategias-para-desarrollar-resiliencia-y-vivir-post-covid\/\" \/>\n<meta property=\"article:published_time\" content=\"2023-08-02T09:46:00+00:00\" \/>\n<meta property=\"og:image\" content=\"https:\/\/claragovela.com\/wp-content\/uploads\/2023\/07\/16.jpg\" \/>\n\t<meta property=\"og:image:width\" content=\"500\" \/>\n\t<meta property=\"og:image:height\" content=\"370\" \/>\n\t<meta property=\"og:image:type\" content=\"image\/jpeg\" \/>\n<meta name=\"author\" content=\"admin\" \/>\n<meta name=\"twitter:card\" content=\"summary_large_image\" \/>\n<meta name=\"twitter:label1\" content=\"Escrito por\" \/>\n\t<meta name=\"twitter:data1\" content=\"admin\" \/>\n\t<meta name=\"twitter:label2\" content=\"Tiempo de lectura\" \/>\n\t<meta name=\"twitter:data2\" content=\"3 minutos\" \/>\n<script type=\"application\/ld+json\" class=\"yoast-schema-graph\">{\"@context\":\"https:\/\/schema.org\",\"@graph\":[{\"@type\":\"WebPage\",\"@id\":\"https:\/\/claragovela.com\/index.php\/2023\/08\/02\/estrategias-para-desarrollar-resiliencia-y-vivir-post-covid\/\",\"url\":\"https:\/\/claragovela.com\/index.php\/2023\/08\/02\/estrategias-para-desarrollar-resiliencia-y-vivir-post-covid\/\",\"name\":\"Estrategias para Desarrollar Resiliencia y Vivir post COVID -\",\"isPartOf\":{\"@id\":\"https:\/\/claragovela.com\/#website\"},\"primaryImageOfPage\":{\"@id\":\"https:\/\/claragovela.com\/index.php\/2023\/08\/02\/estrategias-para-desarrollar-resiliencia-y-vivir-post-covid\/#primaryimage\"},\"image\":{\"@id\":\"https:\/\/claragovela.com\/index.php\/2023\/08\/02\/estrategias-para-desarrollar-resiliencia-y-vivir-post-covid\/#primaryimage\"},\"thumbnailUrl\":\"https:\/\/claragovela.com\/wp-content\/uploads\/2023\/07\/16.jpg\",\"datePublished\":\"2023-08-02T09:46:00+00:00\",\"author\":{\"@id\":\"https:\/\/claragovela.com\/#\/schema\/person\/813e0ae96fda140caaee98a03fe49673\"},\"breadcrumb\":{\"@id\":\"https:\/\/claragovela.com\/index.php\/2023\/08\/02\/estrategias-para-desarrollar-resiliencia-y-vivir-post-covid\/#breadcrumb\"},\"inLanguage\":\"es\",\"potentialAction\":[{\"@type\":\"ReadAction\",\"target\":[\"https:\/\/claragovela.com\/index.php\/2023\/08\/02\/estrategias-para-desarrollar-resiliencia-y-vivir-post-covid\/\"]}]},{\"@type\":\"ImageObject\",\"inLanguage\":\"es\",\"@id\":\"https:\/\/claragovela.com\/index.php\/2023\/08\/02\/estrategias-para-desarrollar-resiliencia-y-vivir-post-covid\/#primaryimage\",\"url\":\"https:\/\/claragovela.com\/wp-content\/uploads\/2023\/07\/16.jpg\",\"contentUrl\":\"https:\/\/claragovela.com\/wp-content\/uploads\/2023\/07\/16.jpg\",\"width\":500,\"height\":370},{\"@type\":\"BreadcrumbList\",\"@id\":\"https:\/\/claragovela.com\/index.php\/2023\/08\/02\/estrategias-para-desarrollar-resiliencia-y-vivir-post-covid\/#breadcrumb\",\"itemListElement\":[{\"@type\":\"ListItem\",\"position\":1,\"name\":\"Portada\",\"item\":\"https:\/\/claragovela.com\/\"},{\"@type\":\"ListItem\",\"position\":2,\"name\":\"Estrategias para Desarrollar Resiliencia y Vivir post COVID\"}]},{\"@type\":\"WebSite\",\"@id\":\"https:\/\/claragovela.com\/#website\",\"url\":\"https:\/\/claragovela.com\/\",\"name\":\"\",\"description\":\"\",\"potentialAction\":[{\"@type\":\"SearchAction\",\"target\":{\"@type\":\"EntryPoint\",\"urlTemplate\":\"https:\/\/claragovela.com\/?s={search_term_string}\"},\"query-input\":{\"@type\":\"PropertyValueSpecification\",\"valueRequired\":true,\"valueName\":\"search_term_string\"}}],\"inLanguage\":\"es\"},{\"@type\":\"Person\",\"@id\":\"https:\/\/claragovela.com\/#\/schema\/person\/813e0ae96fda140caaee98a03fe49673\",\"name\":\"admin\",\"image\":{\"@type\":\"ImageObject\",\"inLanguage\":\"es\",\"@id\":\"https:\/\/claragovela.com\/#\/schema\/person\/image\/\",\"url\":\"https:\/\/secure.gravatar.com\/avatar\/b5030be99ccf121a3724df36727ba4d94bdf16a3a0a460042bb159ff8a5ec12c?s=96&d=mm&r=g\",\"contentUrl\":\"https:\/\/secure.gravatar.com\/avatar\/b5030be99ccf121a3724df36727ba4d94bdf16a3a0a460042bb159ff8a5ec12c?s=96&d=mm&r=g\",\"caption\":\"admin\"},\"sameAs\":[\"http:\/\/claragovela.com\"],\"url\":\"https:\/\/claragovela.com\/index.php\/author\/admin\/\"}]}<\/script>\n<!-- \/ Yoast SEO plugin. -->","yoast_head_json":{"title":"Estrategias para Desarrollar Resiliencia y Vivir post COVID -","robots":{"index":"index","follow":"follow","max-snippet":"max-snippet:-1","max-image-preview":"max-image-preview:large","max-video-preview":"max-video-preview:-1"},"canonical":"https:\/\/claragovela.com\/index.php\/2023\/08\/02\/estrategias-para-desarrollar-resiliencia-y-vivir-post-covid\/","og_locale":"es_ES","og_type":"article","og_title":"Estrategias para Desarrollar Resiliencia y Vivir post COVID -","og_description":"El COVID-19 ha impactado nuestras vidas de maneras inesperadas, y ha requerido que nos adaptemos y seamos resilientes frente a los desaf\u00edos constantes que presenta. La resiliencia es la capacidad de recuperarse y adaptarse ante situaciones dif\u00edciles, y en este blog, exploraremos estrategias para desarrollar resiliencia y vivir con el COVID-19 presente en nuestras vidas. [&hellip;]","og_url":"https:\/\/claragovela.com\/index.php\/2023\/08\/02\/estrategias-para-desarrollar-resiliencia-y-vivir-post-covid\/","article_published_time":"2023-08-02T09:46:00+00:00","og_image":[{"width":500,"height":370,"url":"https:\/\/claragovela.com\/wp-content\/uploads\/2023\/07\/16.jpg","type":"image\/jpeg"}],"author":"admin","twitter_card":"summary_large_image","twitter_misc":{"Escrito por":"admin","Tiempo de lectura":"3 minutos"},"schema":{"@context":"https:\/\/schema.org","@graph":[{"@type":"WebPage","@id":"https:\/\/claragovela.com\/index.php\/2023\/08\/02\/estrategias-para-desarrollar-resiliencia-y-vivir-post-covid\/","url":"https:\/\/claragovela.com\/index.php\/2023\/08\/02\/estrategias-para-desarrollar-resiliencia-y-vivir-post-covid\/","name":"Estrategias para Desarrollar Resiliencia y Vivir post COVID -","isPartOf":{"@id":"https:\/\/claragovela.com\/#website"},"primaryImageOfPage":{"@id":"https:\/\/claragovela.com\/index.php\/2023\/08\/02\/estrategias-para-desarrollar-resiliencia-y-vivir-post-covid\/#primaryimage"},"image":{"@id":"https:\/\/claragovela.com\/index.php\/2023\/08\/02\/estrategias-para-desarrollar-resiliencia-y-vivir-post-covid\/#primaryimage"},"thumbnailUrl":"https:\/\/claragovela.com\/wp-content\/uploads\/2023\/07\/16.jpg","datePublished":"2023-08-02T09:46:00+00:00","author":{"@id":"https:\/\/claragovela.com\/#\/schema\/person\/813e0ae96fda140caaee98a03fe49673"},"breadcrumb":{"@id":"https:\/\/claragovela.com\/index.php\/2023\/08\/02\/estrategias-para-desarrollar-resiliencia-y-vivir-post-covid\/#breadcrumb"},"inLanguage":"es","potentialAction":[{"@type":"ReadAction","target":["https:\/\/claragovela.com\/index.php\/2023\/08\/02\/estrategias-para-desarrollar-resiliencia-y-vivir-post-covid\/"]}]},{"@type":"ImageObject","inLanguage":"es","@id":"https:\/\/claragovela.com\/index.php\/2023\/08\/02\/estrategias-para-desarrollar-resiliencia-y-vivir-post-covid\/#primaryimage","url":"https:\/\/claragovela.com\/wp-content\/uploads\/2023\/07\/16.jpg","contentUrl":"https:\/\/claragovela.com\/wp-content\/uploads\/2023\/07\/16.jpg","width":500,"height":370},{"@type":"BreadcrumbList","@id":"https:\/\/claragovela.com\/index.php\/2023\/08\/02\/estrategias-para-desarrollar-resiliencia-y-vivir-post-covid\/#breadcrumb","itemListElement":[{"@type":"ListItem","position":1,"name":"Portada","item":"https:\/\/claragovela.com\/"},{"@type":"ListItem","position":2,"name":"Estrategias para Desarrollar Resiliencia y Vivir post COVID"}]},{"@type":"WebSite","@id":"https:\/\/claragovela.com\/#website","url":"https:\/\/claragovela.com\/","name":"","description":"","potentialAction":[{"@type":"SearchAction","target":{"@type":"EntryPoint","urlTemplate":"https:\/\/claragovela.com\/?s={search_term_string}"},"query-input":{"@type":"PropertyValueSpecification","valueRequired":true,"valueName":"search_term_string"}}],"inLanguage":"es"},{"@type":"Person","@id":"https:\/\/claragovela.com\/#\/schema\/person\/813e0ae96fda140caaee98a03fe49673","name":"admin","image":{"@type":"ImageObject","inLanguage":"es","@id":"https:\/\/claragovela.com\/#\/schema\/person\/image\/","url":"https:\/\/secure.gravatar.com\/avatar\/b5030be99ccf121a3724df36727ba4d94bdf16a3a0a460042bb159ff8a5ec12c?s=96&d=mm&r=g","contentUrl":"https:\/\/secure.gravatar.com\/avatar\/b5030be99ccf121a3724df36727ba4d94bdf16a3a0a460042bb159ff8a5ec12c?s=96&d=mm&r=g","caption":"admin"},"sameAs":["http:\/\/claragovela.com"],"url":"https:\/\/claragovela.com\/index.php\/author\/admin\/"}]}},"jetpack_featured_media_url":"https:\/\/claragovela.com\/wp-content\/uploads\/2023\/07\/16.jpg","uagb_featured_image_src":{"full":["https:\/\/claragovela.com\/wp-content\/uploads\/2023\/07\/16.jpg",500,370,false],"thumbnail":["https:\/\/claragovela.com\/wp-content\/uploads\/2023\/07\/16-150x150.jpg",150,150,true],"medium":["https:\/\/claragovela.com\/wp-content\/uploads\/2023\/07\/16-300x222.jpg",300,222,true],"medium_large":["https:\/\/claragovela.com\/wp-content\/uploads\/2023\/07\/16.jpg",500,370,false],"large":["https:\/\/claragovela.com\/wp-content\/uploads\/2023\/07\/16.jpg",500,370,false],"1536x1536":["https:\/\/claragovela.com\/wp-content\/uploads\/2023\/07\/16.jpg",500,370,false],"2048x2048":["https:\/\/claragovela.com\/wp-content\/uploads\/2023\/07\/16.jpg",500,370,false]},"uagb_author_info":{"display_name":"admin","author_link":"https:\/\/claragovela.com\/index.php\/author\/admin\/"},"uagb_comment_info":0,"uagb_excerpt":"El COVID-19 ha impactado nuestras vidas de maneras inesperadas, y ha requerido que nos adaptemos y seamos resilientes frente a los desaf\u00edos constantes que presenta. La resiliencia es la capacidad de recuperarse y adaptarse ante situaciones dif\u00edciles, y en este blog, exploraremos estrategias para desarrollar resiliencia y vivir con el COVID-19 presente en nuestras vidas.&hellip;","jetpack_sharing_enabled":true,"_links":{"self":[{"href":"https:\/\/claragovela.com\/index.php\/wp-json\/wp\/v2\/posts\/2601","targetHints":{"allow":["GET"]}}],"collection":[{"href":"https:\/\/claragovela.com\/index.php\/wp-json\/wp\/v2\/posts"}],"about":[{"href":"https:\/\/claragovela.com\/index.php\/wp-json\/wp\/v2\/types\/post"}],"author":[{"embeddable":true,"href":"https:\/\/claragovela.com\/index.php\/wp-json\/wp\/v2\/users\/1"}],"replies":[{"embeddable":true,"href":"https:\/\/claragovela.com\/index.php\/wp-json\/wp\/v2\/comments?post=2601"}],"version-history":[{"count":5,"href":"https:\/\/claragovela.com\/index.php\/wp-json\/wp\/v2\/posts\/2601\/revisions"}],"predecessor-version":[{"id":2647,"href":"https:\/\/claragovela.com\/index.php\/wp-json\/wp\/v2\/posts\/2601\/revisions\/2647"}],"wp:featuredmedia":[{"embeddable":true,"href":"https:\/\/claragovela.com\/index.php\/wp-json\/wp\/v2\/media\/2629"}],"wp:attachment":[{"href":"https:\/\/claragovela.com\/index.php\/wp-json\/wp\/v2\/media?parent=2601"}],"wp:term":[{"taxonomy":"category","embeddable":true,"href":"https:\/\/claragovela.com\/index.php\/wp-json\/wp\/v2\/categories?post=2601"},{"taxonomy":"post_tag","embeddable":true,"href":"https:\/\/claragovela.com\/index.php\/wp-json\/wp\/v2\/tags?post=2601"}],"curies":[{"name":"wp","href":"https:\/\/api.w.org\/{rel}","templated":true}]}}